{"id":4454,"date":"2021-11-23T15:47:04","date_gmt":"2021-11-23T15:47:04","guid":{"rendered":"https:\/\/maresalogistica.com\/nota-de-prensa\/iberia-y-maresa-logistica-venden-cacesa-a-talde\/"},"modified":"2022-03-14T14:52:21","modified_gmt":"2022-03-14T14:52:21","slug":"iberia-y-maresa-logistica-venden-cacesa-a-talde","status":"publish","type":"nota_de_prensa","link":"https:\/\/maresalogistica.com\/en\/nota-de-prensa\/iberia-y-maresa-logistica-venden-cacesa-a-talde\/","title":{"rendered":"Iberia y Maresa Log\u00edstica venden Cacesa a Talde"},"content":{"rendered":"<p>Iberia y Maresa Log\u00edstica empresa participada por Akana Capital y Somar Capital, han alcanzado un <strong>acuerdo para vender CACESA<\/strong> (Compa\u00f1\u00eda Auxiliar al Cargo Express) al fondo de capital riesgo espa\u00f1ol Talde Private Equity. El precio de la operaci\u00f3n ha sido de 50 millones de euros.<!--more--><\/p>\n<p>CACESA (Compa\u00f1\u00eda Auxiliar al Cargo Expres), estaba <strong>participada al 75% por Iberia<\/strong>, mientras que <strong>el 25% restante del capital estaba en manos de Maresa Log\u00edstica<\/strong>, sociedad fruto de la fusi\u00f3n en 2019 de Maresa con Mart\u00edn e Hijos.<\/p>\n<p>CACESA est\u00e1 especializada en tr\u00e1mites administrativos y aduaneros en el comercio electr\u00f3nico y en paqueter\u00eda expr\u00e9s. La participaci\u00f3n de Iberia, cuyo negocio de carga es canalizado por IAG Cargo, era meramente financiera y no era estrat\u00e9gica para el Grupo IAG.<\/p>\n<p>CACESA cerr\u00f3 el ejercicio 2020, el \u00faltimo con datos disponibles, con una <strong>facturaci\u00f3n cercana a 63 millones de euros<\/strong>. Esta desinversi\u00f3n supone para Iberia una inyecci\u00f3n de liquidez en un momento en el que la aerol\u00ednea sigue acusando el impacto de la pandemia.<\/p>\n<p>Por su parte, para Antonio Mart\u00edn, Consejero Delegado de Maresa Log\u00edstica: \u201cEsta operaci\u00f3n nos permite <strong>obtener recursos adicionales para continuar con nuestro proyecto de crecimiento<\/strong> mediante la adquisici\u00f3n de empresas que nos aporten valor; nuestro objetivo a medio plazo es <strong>configurar un gran operador log\u00edstico en forwarding, comercio internacional y temperatura controlada<\/strong>\u201d.<\/p>\n<p>Maresa Log\u00edstica, empresa participada por Akana Capital y Somar Capital, desarrolla su actividad de forwarding internacional, tr\u00e1nsitos y gesti\u00f3n aduanera, paleter\u00eda y paqueter\u00eda industrial, y log\u00edstica integral a nivel nacional. Asimismo, la empresa cuenta con delegaciones propias en \u00c1frica (Guinea Ecuatorial y Mauritania) y pretende consolidar su posici\u00f3n en el continente africano en los pr\u00f3ximos a\u00f1os, al ser uno de los actores de referencia en las Islas Canarias y contar con oficinas en enclaves estrat\u00e9gicos como Ceuta y Melilla.<\/p>\n<p>Medios en los que ha aparecido esta noticia:<\/p>\n<ul>\n<li><a href=\"https:\/\/maresalogistica.com\/wp-content\/uploads\/2021\/11\/europa-press-maresa-venta-cacesa.pdf\" target=\"_blank\" rel=\"noopener\">Europa Press<\/a><\/li>\n<li><a href=\"https:\/\/maresalogistica.com\/wp-content\/uploads\/2021\/11\/el-espanol-maresa-venta-cacesa.pdf\" target=\"_blank\" rel=\"noopener\">El Espa\u00f1ol<\/a><\/li>\n<li><a href=\"https:\/\/maresalogistica.com\/wp-content\/uploads\/2021\/11\/bolsamania.com-maresa-venta-cacesa.pdf\" target=\"_blank\" rel=\"noopener\">Bolsaman\u00eda<\/a><\/li>\n<li><a href=\"https:\/\/maresalogistica.com\/wp-content\/uploads\/2021\/11\/elconfidencialdigital.com-maresa-venta-cacesa.pdf\" target=\"_blank\" rel=\"noopener\">El Confidencial Digital<\/a><\/li>\n<li><a href=\"https:\/\/maresalogistica.com\/wp-content\/uploads\/2021\/11\/cadena-de-suministro-maresa-venta-cacesa.pdf\" target=\"_blank\" rel=\"noopener\">Cadena de Suministro<\/a><\/li>\n<li><a href=\"https:\/\/maresalogistica.com\/wp-content\/uploads\/2021\/11\/diario-siglo-xxi-maresa-venta-cacesa.pdf\" target=\"_blank\" rel=\"noopener\">Diario Siglo XXI<\/a><\/li>\n<li><a href=\"https:\/\/maresalogistica.com\/wp-content\/uploads\/2021\/11\/puertos-938-maresa-venta-cacesa.pdf\" target=\"_blank\" rel=\"noopener\">Puertos 928<\/a><\/li>\n<li><a href=\"https:\/\/maresalogistica.com\/wp-content\/uploads\/2021\/11\/webcapitalriesgo-maresa-venta-cacesa.pdf\" target=\"_blank\" rel=\"noopener\">webcapitalriesgo.com<\/a><\/li>\n<li><a href=\"https:\/\/maresalogistica.com\/wp-content\/uploads\/2021\/11\/prensa-madrid-sur-maresa-venta-cacesa.pdf\" target=\"_blank\" rel=\"noopener\">prensamadridsur.es<\/a><\/li>\n<li><a href=\"https:\/\/maresalogistica.com\/wp-content\/uploads\/2021\/11\/capital-riesgo-maresa-venta-cacesa.pdf\" target=\"_blank\" rel=\"noopener\">capital-riesgo.es<\/a><\/li>\n<li><a href=\"https:\/\/maresalogistica.com\/wp-content\/uploads\/2021\/11\/top-noticias-maresa-venta-cacesa.pdf\" target=\"_blank\" rel=\"noopener\">topnoticias.es<\/a><\/li>\n<li><a href=\"https:\/\/maresalogistica.com\/wp-content\/uploads\/2021\/11\/preferente-maresa-venta-cacesa.pdf\" target=\"_blank\" rel=\"noopener\">preferente.com<\/a><\/li>\n<li><a href=\"https:\/\/maresalogistica.com\/wp-content\/uploads\/2021\/11\/pressdigital.es-maresa-venta-cacesa.pdf\" target=\"_blank\" rel=\"noopener\">pressdigital.es<\/a><\/li>\n<li><a href=\"https:\/\/maresalogistica.com\/wp-content\/uploads\/2021\/11\/negocios.com-maresa-venta-cacesa.pdf\" target=\"_blank\" rel=\"noopener\">negocios.com<\/a><\/li>\n<li><a href=\"https:\/\/maresalogistica.com\/wp-content\/uploads\/2021\/11\/iberianlawyer.com-maresa-venta-cacesa.pdf\" target=\"_blank\" rel=\"noopener\">iberianlawyer.com<\/a><\/li>\n<li><a href=\"https:\/\/maresalogistica.com\/wp-content\/uploads\/2021\/11\/broker.norbolsa.com-maresa-venta-cacesa.pdf\" target=\"_blank\" rel=\"noopener\">broker.norbolsa.com<\/a><\/li>\n<li><a href=\"https:\/\/maresalogistica.com\/wp-content\/uploads\/2021\/11\/logisticaprofesional.com-maresa-venta-cacesa.pdf\" target=\"_blank\" rel=\"noopener\">logisticaprofesional.com<\/a><\/li>\n<li><a href=\"https:\/\/maresalogistica.com\/wp-content\/uploads\/2021\/11\/elmercantil.com-maresa-venta-cacesa.pdf\" target=\"_blank\" rel=\"noopener\">elmercantil.com<\/a><\/li>\n<li><a href=\"https:\/\/maresalogistica.com\/wp-content\/uploads\/2021\/11\/novologistica.com-maresa-venta-cacesa.pdf\" target=\"_blank\" rel=\"noopener\">novologistica.com<\/a><\/li>\n<\/ul>\n","protected":false},"featured_media":4016,"template":"","meta":{"_monsterinsights_skip_tracking":false,"_monsterinsights_sitenote_active":false,"_monsterinsights_sitenote_note":"","_monsterinsights_sitenote_category":0,"_links_to":"","_links_to_target":""},"class_list":["post-4454","nota_de_prensa","type-nota_de_prensa","status-publish","has-post-thumbnail","hentry"],"yoast_head":"<!-- This site is optimized with the Yoast SEO plugin v27.5 - https:\/\/yoast.com\/product\/yoast-seo-wordpress\/ -->\n<title>Iberia y Maresa Log\u00edstica venden Cacesa a Talde &#060; Maresa Log\u00edstica<\/title>\n<meta name=\"description\" content=\"Maresa Log\u00edstica e Iberia han cerrado la venta de CACESA a Talde. La empresa de tr\u00e1mites administrativos y aduaneros cambia de manos.\" \/>\n<meta name=\"robots\" content=\"index, nofollow, max-snippet:-1, max-image-preview:large, max-video-preview:-1\" \/>\n<link rel=\"canonical\" href=\"https:\/\/maresalogistica.com\/en\/nota-de-prensa\/iberia-y-maresa-logistica-venden-cacesa-a-talde\/\" \/>\n<meta property=\"og:locale\" content=\"en_US\" \/>\n<meta property=\"og:type\" content=\"article\" \/>\n<meta property=\"og:title\" content=\"Iberia y Maresa Log\u00edstica venden Cacesa a Talde &#060; Maresa Log\u00edstica\" \/>\n<meta property=\"og:description\" content=\"Maresa Log\u00edstica e Iberia han cerrado la venta de CACESA a Talde. La empresa de tr\u00e1mites administrativos y aduaneros cambia de manos.\" \/>\n<meta property=\"og:url\" content=\"https:\/\/maresalogistica.com\/en\/nota-de-prensa\/iberia-y-maresa-logistica-venden-cacesa-a-talde\/\" \/>\n<meta property=\"og:site_name\" content=\"Maresa Log\u00edstica\" \/>\n<meta property=\"article:modified_time\" content=\"2022-03-14T14:52:21+00:00\" \/>\n<meta property=\"og:image\" content=\"https:\/\/maresalogistica.com\/wp-content\/uploads\/2021\/11\/maresa-iberia-venta-cacesa.jpg\" \/>\n\t<meta property=\"og:image:width\" content=\"770\" \/>\n\t<meta property=\"og:image:height\" content=\"470\" \/>\n\t<meta property=\"og:image:type\" content=\"image\/jpeg\" \/>\n<meta name=\"twitter:card\" content=\"summary_large_image\" \/>\n<meta name=\"twitter:label1\" content=\"Est. reading time\" \/>\n\t<meta name=\"twitter:data1\" content=\"2 minutes\" \/>\n<script type=\"application\/ld+json\" class=\"yoast-schema-graph\">{\"@context\":\"https:\\\/\\\/schema.org\",\"@graph\":[{\"@type\":\"WebPage\",\"@id\":\"https:\\\/\\\/maresalogistica.com\\\/en\\\/nota-de-prensa\\\/iberia-y-maresa-logistica-venden-cacesa-a-talde\\\/\",\"url\":\"https:\\\/\\\/maresalogistica.com\\\/en\\\/nota-de-prensa\\\/iberia-y-maresa-logistica-venden-cacesa-a-talde\\\/\",\"name\":\"Iberia y Maresa Log\u00edstica venden Cacesa a Talde &#060; Maresa Log\u00edstica\",\"isPartOf\":{\"@id\":\"https:\\\/\\\/maresalogistica.com\\\/en\\\/#website\"},\"primaryImageOfPage\":{\"@id\":\"https:\\\/\\\/maresalogistica.com\\\/en\\\/nota-de-prensa\\\/iberia-y-maresa-logistica-venden-cacesa-a-talde\\\/#primaryimage\"},\"image\":{\"@id\":\"https:\\\/\\\/maresalogistica.com\\\/en\\\/nota-de-prensa\\\/iberia-y-maresa-logistica-venden-cacesa-a-talde\\\/#primaryimage\"},\"thumbnailUrl\":\"https:\\\/\\\/maresalogistica.com\\\/wp-content\\\/uploads\\\/2021\\\/11\\\/maresa-iberia-venta-cacesa.jpg\",\"datePublished\":\"2021-11-23T15:47:04+00:00\",\"dateModified\":\"2022-03-14T14:52:21+00:00\",\"description\":\"Maresa Log\u00edstica e Iberia han cerrado la venta de CACESA a Talde. La empresa de tr\u00e1mites administrativos y aduaneros cambia de manos.\",\"breadcrumb\":{\"@id\":\"https:\\\/\\\/maresalogistica.com\\\/en\\\/nota-de-prensa\\\/iberia-y-maresa-logistica-venden-cacesa-a-talde\\\/#breadcrumb\"},\"inLanguage\":\"en-US\",\"potentialAction\":[{\"@type\":\"ReadAction\",\"target\":[\"https:\\\/\\\/maresalogistica.com\\\/en\\\/nota-de-prensa\\\/iberia-y-maresa-logistica-venden-cacesa-a-talde\\\/\"]}]},{\"@type\":\"ImageObject\",\"inLanguage\":\"en-US\",\"@id\":\"https:\\\/\\\/maresalogistica.com\\\/en\\\/nota-de-prensa\\\/iberia-y-maresa-logistica-venden-cacesa-a-talde\\\/#primaryimage\",\"url\":\"https:\\\/\\\/maresalogistica.com\\\/wp-content\\\/uploads\\\/2021\\\/11\\\/maresa-iberia-venta-cacesa.jpg\",\"contentUrl\":\"https:\\\/\\\/maresalogistica.com\\\/wp-content\\\/uploads\\\/2021\\\/11\\\/maresa-iberia-venta-cacesa.jpg\",\"width\":770,\"height\":470,\"caption\":\"Maresa Log\u00edstica vende su participaci\u00f3n en Cacesa\"},{\"@type\":\"BreadcrumbList\",\"@id\":\"https:\\\/\\\/maresalogistica.com\\\/en\\\/nota-de-prensa\\\/iberia-y-maresa-logistica-venden-cacesa-a-talde\\\/#breadcrumb\",\"itemListElement\":[{\"@type\":\"ListItem\",\"position\":1,\"name\":\"Home\",\"item\":\"https:\\\/\\\/maresalogistica.com\\\/en\\\/\"},{\"@type\":\"ListItem\",\"position\":2,\"name\":\"Iberia y Maresa Log\u00edstica venden Cacesa a Talde\"}]},{\"@type\":\"WebSite\",\"@id\":\"https:\\\/\\\/maresalogistica.com\\\/en\\\/#website\",\"url\":\"https:\\\/\\\/maresalogistica.com\\\/en\\\/\",\"name\":\"Maresa Log\u00edstica\",\"description\":\"Operador log\u00edstico y de transportes\",\"publisher\":{\"@id\":\"https:\\\/\\\/maresalogistica.com\\\/en\\\/#organization\"},\"potentialAction\":[{\"@type\":\"SearchAction\",\"target\":{\"@type\":\"EntryPoint\",\"urlTemplate\":\"https:\\\/\\\/maresalogistica.com\\\/en\\\/?s={search_term_string}\"},\"query-input\":{\"@type\":\"PropertyValueSpecification\",\"valueRequired\":true,\"valueName\":\"search_term_string\"}}],\"inLanguage\":\"en-US\"},{\"@type\":\"Organization\",\"@id\":\"https:\\\/\\\/maresalogistica.com\\\/en\\\/#organization\",\"name\":\"Maresa log\u00edstica > log\u00edstica y transportes a Baleares, Canarias, Ceuta y Melilla\",\"url\":\"https:\\\/\\\/maresalogistica.com\\\/en\\\/\",\"logo\":{\"@type\":\"ImageObject\",\"inLanguage\":\"en-US\",\"@id\":\"https:\\\/\\\/maresalogistica.com\\\/en\\\/#\\\/schema\\\/logo\\\/image\\\/\",\"url\":\"https:\\\/\\\/maresalogistica.com\\\/wp-content\\\/uploads\\\/2020\\\/02\\\/logo-maresa-logistica-square-big.png\",\"contentUrl\":\"https:\\\/\\\/maresalogistica.com\\\/wp-content\\\/uploads\\\/2020\\\/02\\\/logo-maresa-logistica-square-big.png\",\"width\":420,\"height\":420,\"caption\":\"Maresa log\u00edstica > log\u00edstica y transportes a Baleares, Canarias, Ceuta y Melilla\"},\"image\":{\"@id\":\"https:\\\/\\\/maresalogistica.com\\\/en\\\/#\\\/schema\\\/logo\\\/image\\\/\"}}]}<\/script>\n<!-- \/ Yoast SEO plugin. -->","yoast_head_json":{"title":"Iberia y Maresa Log\u00edstica venden Cacesa a Talde &#060; Maresa Log\u00edstica","description":"Maresa Log\u00edstica e Iberia han cerrado la venta de CACESA a Talde. La empresa de tr\u00e1mites administrativos y aduaneros cambia de manos.","robots":{"index":"index","follow":"nofollow","max-snippet":"max-snippet:-1","max-image-preview":"max-image-preview:large","max-video-preview":"max-video-preview:-1"},"canonical":"https:\/\/maresalogistica.com\/en\/nota-de-prensa\/iberia-y-maresa-logistica-venden-cacesa-a-talde\/","og_locale":"en_US","og_type":"article","og_title":"Iberia y Maresa Log\u00edstica venden Cacesa a Talde &#060; Maresa Log\u00edstica","og_description":"Maresa Log\u00edstica e Iberia han cerrado la venta de CACESA a Talde. La empresa de tr\u00e1mites administrativos y aduaneros cambia de manos.","og_url":"https:\/\/maresalogistica.com\/en\/nota-de-prensa\/iberia-y-maresa-logistica-venden-cacesa-a-talde\/","og_site_name":"Maresa Log\u00edstica","article_modified_time":"2022-03-14T14:52:21+00:00","og_image":[{"width":770,"height":470,"url":"https:\/\/maresalogistica.com\/wp-content\/uploads\/2021\/11\/maresa-iberia-venta-cacesa.jpg","type":"image\/jpeg"}],"twitter_card":"summary_large_image","twitter_misc":{"Est. reading time":"2 minutes"},"schema":{"@context":"https:\/\/schema.org","@graph":[{"@type":"WebPage","@id":"https:\/\/maresalogistica.com\/en\/nota-de-prensa\/iberia-y-maresa-logistica-venden-cacesa-a-talde\/","url":"https:\/\/maresalogistica.com\/en\/nota-de-prensa\/iberia-y-maresa-logistica-venden-cacesa-a-talde\/","name":"Iberia y Maresa Log\u00edstica venden Cacesa a Talde &#060; Maresa Log\u00edstica","isPartOf":{"@id":"https:\/\/maresalogistica.com\/en\/#website"},"primaryImageOfPage":{"@id":"https:\/\/maresalogistica.com\/en\/nota-de-prensa\/iberia-y-maresa-logistica-venden-cacesa-a-talde\/#primaryimage"},"image":{"@id":"https:\/\/maresalogistica.com\/en\/nota-de-prensa\/iberia-y-maresa-logistica-venden-cacesa-a-talde\/#primaryimage"},"thumbnailUrl":"https:\/\/maresalogistica.com\/wp-content\/uploads\/2021\/11\/maresa-iberia-venta-cacesa.jpg","datePublished":"2021-11-23T15:47:04+00:00","dateModified":"2022-03-14T14:52:21+00:00","description":"Maresa Log\u00edstica e Iberia han cerrado la venta de CACESA a Talde. La empresa de tr\u00e1mites administrativos y aduaneros cambia de manos.","breadcrumb":{"@id":"https:\/\/maresalogistica.com\/en\/nota-de-prensa\/iberia-y-maresa-logistica-venden-cacesa-a-talde\/#breadcrumb"},"inLanguage":"en-US","potentialAction":[{"@type":"ReadAction","target":["https:\/\/maresalogistica.com\/en\/nota-de-prensa\/iberia-y-maresa-logistica-venden-cacesa-a-talde\/"]}]},{"@type":"ImageObject","inLanguage":"en-US","@id":"https:\/\/maresalogistica.com\/en\/nota-de-prensa\/iberia-y-maresa-logistica-venden-cacesa-a-talde\/#primaryimage","url":"https:\/\/maresalogistica.com\/wp-content\/uploads\/2021\/11\/maresa-iberia-venta-cacesa.jpg","contentUrl":"https:\/\/maresalogistica.com\/wp-content\/uploads\/2021\/11\/maresa-iberia-venta-cacesa.jpg","width":770,"height":470,"caption":"Maresa Log\u00edstica vende su participaci\u00f3n en Cacesa"},{"@type":"BreadcrumbList","@id":"https:\/\/maresalogistica.com\/en\/nota-de-prensa\/iberia-y-maresa-logistica-venden-cacesa-a-talde\/#breadcrumb","itemListElement":[{"@type":"ListItem","position":1,"name":"Home","item":"https:\/\/maresalogistica.com\/en\/"},{"@type":"ListItem","position":2,"name":"Iberia y Maresa Log\u00edstica venden Cacesa a Talde"}]},{"@type":"WebSite","@id":"https:\/\/maresalogistica.com\/en\/#website","url":"https:\/\/maresalogistica.com\/en\/","name":"Maresa Log\u00edstica","description":"Operador log\u00edstico y de transportes","publisher":{"@id":"https:\/\/maresalogistica.com\/en\/#organization"},"potentialAction":[{"@type":"SearchAction","target":{"@type":"EntryPoint","urlTemplate":"https:\/\/maresalogistica.com\/en\/?s={search_term_string}"},"query-input":{"@type":"PropertyValueSpecification","valueRequired":true,"valueName":"search_term_string"}}],"inLanguage":"en-US"},{"@type":"Organization","@id":"https:\/\/maresalogistica.com\/en\/#organization","name":"Maresa log\u00edstica > log\u00edstica y transportes a Baleares, Canarias, Ceuta y Melilla","url":"https:\/\/maresalogistica.com\/en\/","logo":{"@type":"ImageObject","inLanguage":"en-US","@id":"https:\/\/maresalogistica.com\/en\/#\/schema\/logo\/image\/","url":"https:\/\/maresalogistica.com\/wp-content\/uploads\/2020\/02\/logo-maresa-logistica-square-big.png","contentUrl":"https:\/\/maresalogistica.com\/wp-content\/uploads\/2020\/02\/logo-maresa-logistica-square-big.png","width":420,"height":420,"caption":"Maresa log\u00edstica > log\u00edstica y transportes a Baleares, Canarias, Ceuta y Melilla"},"image":{"@id":"https:\/\/maresalogistica.com\/en\/#\/schema\/logo\/image\/"}}]}},"_links":{"self":[{"href":"https:\/\/maresalogistica.com\/en\/wp-json\/wp\/v2\/nota_de_prensa\/4454","targetHints":{"allow":["GET"]}}],"collection":[{"href":"https:\/\/maresalogistica.com\/en\/wp-json\/wp\/v2\/nota_de_prensa"}],"about":[{"href":"https:\/\/maresalogistica.com\/en\/wp-json\/wp\/v2\/types\/nota_de_prensa"}],"wp:featuredmedia":[{"embeddable":true,"href":"https:\/\/maresalogistica.com\/en\/wp-json\/wp\/v2\/media\/4016"}],"wp:attachment":[{"href":"https:\/\/maresalogistica.com\/en\/wp-json\/wp\/v2\/media?parent=4454"}],"curies":[{"name":"wp","href":"https:\/\/api.w.org\/{rel}","templated":true}]}}